{"id":552,"date":"2022-08-11T17:49:51","date_gmt":"2022-08-11T22:49:51","guid":{"rendered":"https:\/\/arcodisc.com.mx\/?p=552"},"modified":"2022-08-11T17:50:17","modified_gmt":"2022-08-11T22:50:17","slug":"arco-ante-la-reforma-del-manual-de-contabilidad-gubernamental","status":"publish","type":"post","link":"https:\/\/arcodisc.com.mx\/?p=552","title":{"rendered":"ARCO ante la Reforma del Manual de Contabilidad Gubernamental."},"content":{"rendered":"\n<figure class=\"wp-block-image size-full\"><img loading=\"lazy\" decoding=\"async\" width=\"625\" height=\"98\" src=\"https:\/\/arcodisc.com.mx\/wp-content\/uploads\/2022\/08\/LOGO-DOF.png\" alt=\"\" class=\"wp-image-557\" srcset=\"https:\/\/arcodisc.com.mx\/wp-content\/uploads\/2022\/08\/LOGO-DOF.png 625w, https:\/\/arcodisc.com.mx\/wp-content\/uploads\/2022\/08\/LOGO-DOF-300x47.png 300w\" sizes=\"auto, (max-width: 625px) 100vw, 625px\" \/><\/figure>\n\n\n\n<p>El pasado martes 9 de agosto del a\u00f1o en curso, el Diario Oficial de la Federaci\u00f3n (DOF) public\u00f3 en su p\u00e1gina oficial <a href=\"https:\/\/www.dof.gob.mx\/#gsc.tab=0\">https:\/\/www.dof.gob.mx\/#gsc.tab=0<\/a> un ACUERDO\u00a0por el que se reforma el Manual de Contabilidad Gubernamental.<\/p>\n\n\n\n<p>Ante tal modificaci\u00f3n, ARCO se actualiz\u00f3 para cumplir con dicha normativa, y continuar brindando a sus clientes y futuros clientes las herramientas tecnol\u00f3gicas necesarias para cubrir los requerimientos que el gobierno solicita. <\/p>\n\n\n\n<p><a href=\"https:\/\/www.dof.gob.mx\/nota_detalle.php?codigo=5660645&amp;fecha=09\/08\/2022#gsc.tab=0\">https:\/\/www.dof.gob.mx\/nota_detalle.php?codigo=5660645&amp;fecha=09\/08\/2022#gsc.tab=0<\/a><\/p>\n\n\n\n<h2 class=\"has-text-align-center wp-block-heading\">ACUERDO&nbsp;por el que se reforma el Manual de Contabilidad Gubernamental.<\/h2>\n\n\n\n<h4 class=\"has-text-align-center wp-block-heading\">El Consejo Nacional de Armonizaci\u00f3n Contable con fundamento en los art\u00edculos 6, 7, 9 y 14 de la Ley\u00a0General de Contabilidad Gubernamental, aprob\u00f3 el siguiente:<\/h4>\n\n\n\n<p class=\"has-text-align-center\"><strong>Acuerdo Por El Que Se Reforma El Manual De Contabilidad Gubernamental<\/strong><\/p>\n\n\n\n<p class=\"has-text-align-center\"><strong>Considerando<\/strong><\/p>\n\n\n\n<p>Que el 31 de diciembre de 2008 fue publicada en el Diario Oficial de la Federaci\u00f3n la Ley General de&nbsp;Contabilidad Gubernamental (LGCG), que tiene como objeto establecer los criterios generales que regir\u00e1n la&nbsp;Contabilidad Gubernamental y la emisi\u00f3n de informaci\u00f3n financiera de los entes p\u00fablicos, con el fin de lograr&nbsp;su adecuada armonizaci\u00f3n, para facilitar a los entes p\u00fablicos el registro y la fiscalizaci\u00f3n de los activos,&nbsp;pasivos, ingresos y gastos y, en general, contribuir a medir la eficacia, econom\u00eda y eficiencia del gasto e&nbsp;ingreso p\u00fablicos.<\/p>\n\n\n\n<p>Que en este marco y en cumplimiento de sus funciones, el Consejo Nacional de Armonizaci\u00f3n Contable&nbsp;(CONAC) public\u00f3 en el Diario Oficial de la Federaci\u00f3n el 22 de noviembre de 2010, el Acuerdo por el que se&nbsp;emite el Manual de Contabilidad Gubernamental.<\/p>\n\n\n\n<p>Que es necesario realizar las reformas al Manual de Contabilidad Gubernamental para que la informaci\u00f3n&nbsp;financiera sea congruente con la normatividad emitida por el CONAC.<\/p>\n\n\n\n<p>Por lo expuesto, el Consejo Nacional de Armonizaci\u00f3n Contable aprob\u00f3 el siguiente:<\/p>\n\n\n\n<p class=\"has-text-align-center\"><strong>Acuerdo por el que se reforma el Manual de Contabilidad Gubernamental<\/strong><\/p>\n\n\n\n<p>El Manual de Contabilidad Gubernamental se reforma en&nbsp;el Cap\u00edtulo VII De los Estados e Informes&nbsp;Contables, Presupuestarios, Program\u00e1ticos y de los Indicadores de Postura Fiscal, actualizando el Estado de&nbsp;Actividades de conformidad con las adecuaciones publicadas en el Plan de Cuentas, el 9 de diciembre de&nbsp;2021,&nbsp;para quedar como sigue:<\/p>\n\n\n\n<p class=\"has-text-align-center\"><strong>Cap\u00edtulo VII<\/strong><\/p>\n\n\n\n<p class=\"has-text-align-center\"><strong>De los Estados e Informes Contables, Presupuestarios, Program\u00e1ticos y de los Indicadores de<\/strong><br><strong>Postura Fiscal<\/strong><\/p>\n\n\n\n<p class=\"has-text-align-left\"><strong>&#8230;<\/strong><\/p>\n\n\n\n<p class=\"has-text-align-center\"><strong>I.&nbsp;<\/strong><strong>Objetivo y Consideraciones Generales<\/strong><\/p>\n\n\n\n<p><strong>&#8230;<\/strong><\/p>\n\n\n\n<p class=\"has-text-align-center\"><strong>II. Estados e Informaci\u00f3n Contable<\/strong><\/p>\n\n\n\n<p><strong>&#8230;<\/strong><\/p>\n\n\n\n<p class=\"has-text-align-center\"><strong>a) Estado de Actividades<\/strong><\/p>\n\n\n\n<p class=\"has-text-align-center\"><strong>Finalidad<\/strong><\/p>\n\n\n\n<p><strong>&#8230;<\/strong><\/p>\n\n\n\n<p class=\"has-text-align-center\"><strong>Estructura del Formato<\/strong><\/p>\n\n\n\n<p><strong>&#8230;<\/strong><\/p>\n\n\n\n<figure class=\"wp-block-gallery has-nested-images columns-default is-cropped wp-block-gallery-1 is-layout-flex wp-block-gallery-is-layout-flex\">\n<figure class=\"wp-block-image size-large\"><img loading=\"lazy\" decoding=\"async\" width=\"810\" height=\"902\" data-id=\"559\" src=\"https:\/\/arcodisc.com.mx\/wp-content\/uploads\/2022\/08\/Tabla-DOF-1.png\" alt=\"\" class=\"wp-image-559\" srcset=\"https:\/\/arcodisc.com.mx\/wp-content\/uploads\/2022\/08\/Tabla-DOF-1.png 810w, https:\/\/arcodisc.com.mx\/wp-content\/uploads\/2022\/08\/Tabla-DOF-1-269x300.png 269w, https:\/\/arcodisc.com.mx\/wp-content\/uploads\/2022\/08\/Tabla-DOF-1-768x855.png 768w\" sizes=\"auto, (max-width: 810px) 100vw, 810px\" \/><\/figure>\n<\/figure>\n\n\n\n<figure class=\"wp-block-gallery has-nested-images columns-default is-cropped wp-block-gallery-2 is-layout-flex wp-block-gallery-is-layout-flex\">\n<figure class=\"wp-block-image size-large\"><img loading=\"lazy\" decoding=\"async\" width=\"803\" height=\"377\" data-id=\"560\" src=\"https:\/\/arcodisc.com.mx\/wp-content\/uploads\/2022\/08\/Tabla-DOF-2.png\" alt=\"\" class=\"wp-image-560\" srcset=\"https:\/\/arcodisc.com.mx\/wp-content\/uploads\/2022\/08\/Tabla-DOF-2.png 803w, https:\/\/arcodisc.com.mx\/wp-content\/uploads\/2022\/08\/Tabla-DOF-2-300x141.png 300w, https:\/\/arcodisc.com.mx\/wp-content\/uploads\/2022\/08\/Tabla-DOF-2-768x361.png 768w\" sizes=\"auto, (max-width: 803px) 100vw, 803px\" \/><\/figure>\n<\/figure>\n\n\n\n<p>Bajo protesta de decir verdad declaramos que los Estados Financieros y sus notas, son razonablemente&nbsp;correctos y son responsabilidad del emisor.<\/p>\n\n\n\n<p>Firma de los responsables<\/p>\n\n\n\n<p class=\"has-text-align-center\"><strong>Instructivo de Llenado del Estado de Actividades<\/strong><\/p>\n\n\n\n<p><strong>&#8230;<\/strong><\/p>\n\n\n\n<figure class=\"wp-block-image size-full\"><img loading=\"lazy\" decoding=\"async\" width=\"801\" height=\"927\" src=\"https:\/\/arcodisc.com.mx\/wp-content\/uploads\/2022\/08\/Tabla-DOF-3.png\" alt=\"\" class=\"wp-image-561\" srcset=\"https:\/\/arcodisc.com.mx\/wp-content\/uploads\/2022\/08\/Tabla-DOF-3.png 801w, https:\/\/arcodisc.com.mx\/wp-content\/uploads\/2022\/08\/Tabla-DOF-3-259x300.png 259w, https:\/\/arcodisc.com.mx\/wp-content\/uploads\/2022\/08\/Tabla-DOF-3-768x889.png 768w\" sizes=\"auto, (max-width: 801px) 100vw, 801px\" \/><\/figure>\n\n\n\n<figure class=\"wp-block-image size-full\"><img loading=\"lazy\" decoding=\"async\" width=\"798\" height=\"587\" src=\"https:\/\/arcodisc.com.mx\/wp-content\/uploads\/2022\/08\/Tabla-DOF-4.png\" alt=\"\" class=\"wp-image-562\" srcset=\"https:\/\/arcodisc.com.mx\/wp-content\/uploads\/2022\/08\/Tabla-DOF-4.png 798w, https:\/\/arcodisc.com.mx\/wp-content\/uploads\/2022\/08\/Tabla-DOF-4-300x221.png 300w, https:\/\/arcodisc.com.mx\/wp-content\/uploads\/2022\/08\/Tabla-DOF-4-768x565.png 768w\" sizes=\"auto, (max-width: 798px) 100vw, 798px\" \/><\/figure>\n\n\n\n<p><strong>SR: Saldo del rubro contenido en la Balanza de Comprobaci\u00f3n.<\/strong><\/p>\n\n\n\n<p>Bajo protesta de decir verdad declaramos que los Estados Financieros y sus notas, son razonablemente&nbsp;correctos y son responsabilidad del emisor.<\/p>\n\n\n\n<p>Firma de los responsables<\/p>\n\n\n\n<p>Reglas de validaci\u00f3n del Estado de Actividades:<\/p>\n\n\n\n<p><strong>&#8230;<\/strong><\/p>\n\n\n\n<p class=\"has-text-align-center\"><strong>TRANSITORIOS<\/strong><\/p>\n\n\n\n<p><strong>PRIMERO.-<\/strong>&nbsp;El presente Acuerdo entrar\u00e1 en vigor al d\u00eda siguiente de su publicaci\u00f3n en el Diario Oficial de&nbsp;la Federaci\u00f3n y surte efectos de manera obligatoria a partir del 1\u00ba de enero de 2023.<\/p>\n\n\n\n<p>Para fines de comparabilidad y presentaci\u00f3n del Estado de Actividades en el ejercicio 2023, los entes&nbsp;p\u00fablicos que al 31 de diciembre de 2022 muestren saldo en los Rubros 5.5.4 Aumento por Insuficiencia de&nbsp;Estimaciones por P\u00e9rdida o Deterioro u Obsolescencia y 5.5.5 Aumento por Insuficiencia de Provisiones&nbsp;(derogados), deber\u00e1n integrar dichos saldos en los Rubros 5.5.1 Estimaciones, Depreciaciones, Deterioros,&nbsp;Obsolescencia y Amortizaciones y 5.5.2 Provisiones, respectivamente. En caso de realizarse la integraci\u00f3n en&nbsp;los Rubros citados, se deber\u00e1 revelar en las Notas a los Estados Financieros.<\/p>\n\n\n\n<p><strong>SEGUNDO.-&nbsp;<\/strong>Las Entidades Federativas, en cumplimiento de lo dispuesto por el art\u00edculo 7, segundo&nbsp;p\u00e1rrafo, de la Ley General de Contabilidad Gubernamental deber\u00e1n publicar el presente Acuerdo, en sus&nbsp;medios oficiales de difusi\u00f3n escritos y electr\u00f3nicos, dentro de un plazo de 30 d\u00edas h\u00e1biles siguientes a la&nbsp;publicaci\u00f3n del presente en el Diario Oficial de la Federaci\u00f3n.<\/p>\n\n\n\n<p><strong>TERCERO.-&nbsp;<\/strong>En t\u00e9rminos del art\u00edculo 15 de la Ley General de Contabilidad Gubernamental, el Secretario&nbsp;T\u00e9cnico llevar\u00e1 un registro en una p\u00e1gina de Internet de los actos que los entes p\u00fablicos de las entidades&nbsp;federativas, municipios y demarcaciones territoriales de la Ciudad de M\u00e9xico realicen para adoptar las&nbsp;decisiones del Consejo. Para tales efectos, los Consejos de Armonizaci\u00f3n Contable de las Entidades&nbsp;Federativas remitir\u00e1n a la Secretaria T\u00e9cnica la informaci\u00f3n relacionada con dichos actos a la direcci\u00f3n&nbsp;electr\u00f3nica conac_sriotecnico@hacienda.gob.mx, dentro de un plazo de 15 d\u00edas h\u00e1biles contados a partir de&nbsp;la conclusi\u00f3n del plazo fijado en el transitorio anterior.<\/p>\n\n\n\n<p>En la Ciudad de M\u00e9xico, siendo las doce horas del d\u00eda 1 de agosto del a\u00f1o dos mil veintid\u00f3s, con&nbsp;fundamento en los art\u00edculos 11 de la Ley General de Contabilidad Gubernamental, 12, fracci\u00f3n IV, y 64 del&nbsp;Reglamento Interior de la Secretar\u00eda de Hacienda y Cr\u00e9dito P\u00fablico, el Titular de la Unidad de Contabilidad&nbsp;Gubernamental de la Subsecretar\u00eda de Egresos de la Secretar\u00eda de Hacienda y Cr\u00e9dito P\u00fablico, en mi calidad&nbsp;de Secretario T\u00e9cnico del Consejo Nacional de Armonizaci\u00f3n Contable,&nbsp;<strong>HAGO CONSTAR Y CERTIFICO<\/strong>&nbsp;que&nbsp;el documento consistente en 4 fojas \u00fatiles, rubricadas y cotejadas, corresponde con el texto del ACUERDO&nbsp;POR EL QUE SE REFORMA EL MANUAL DE CONTABILIDAD GUBERNAMENTAL, aprobado por el Consejo&nbsp;Nacional de Armonizaci\u00f3n Contable, mismo que estuvo a la vista de los integrantes de dicho Consejo en su&nbsp;segunda reuni\u00f3n celebrada, en segunda convocatoria, el 27 de julio del presente a\u00f1o, situaci\u00f3n que se&nbsp;certifica para los efectos legales conducentes. El Secretario T\u00e9cnico del Consejo Nacional de Armonizaci\u00f3n&nbsp;Contable, L.C.P.&nbsp;<strong>Juan Torres Garc\u00eda<\/strong>.- R\u00fabrica.<\/p>\n","protected":false},"excerpt":{"rendered":"<p>El pasado martes 9 de agosto del a\u00f1o en curso, el Diario Oficial de la Federaci\u00f3n (DOF) public\u00f3 en su p\u00e1gina oficial https:\/\/www.dof.gob.mx\/#gsc.tab=0 un ACUERDO\u00a0por el que se reforma el Manual de Contabilidad Gubernamental. Ante tal modificaci\u00f3n, ARCO se actualiz\u00f3 para cumplir con dicha normativa, y continuar brindando a sus clientes y futuros clientes las [&hellip;]<\/p>\n","protected":false},"author":7,"featured_media":0,"comment_status":"open","ping_status":"closed","sticky":false,"template":"","format":"standard","meta":{"_jetpack_memberships_contains_paid_content":false,"footnotes":""},"categories":[1],"tags":[55,60,53,59,56,58,57,20],"class_list":["post-552","post","type-post","status-publish","format-standard","hentry","category-arco-grp","tag-arco","tag-consejo","tag-consejo-nacional-de-armonizacion-contable","tag-contabilidad","tag-dof","tag-manual","tag-reforma","tag-rendicion-de-cuentas"],"jetpack_featured_media_url":"","jetpack-related-posts":[],"jetpack_sharing_enabled":true,"_links":{"self":[{"href":"https:\/\/arcodisc.com.mx\/index.php?rest_route=\/wp\/v2\/posts\/552","targetHints":{"allow":["GET"]}}],"collection":[{"href":"https:\/\/arcodisc.com.mx\/index.php?rest_route=\/wp\/v2\/posts"}],"about":[{"href":"https:\/\/arcodisc.com.mx\/index.php?rest_route=\/wp\/v2\/types\/post"}],"author":[{"embeddable":true,"href":"https:\/\/arcodisc.com.mx\/index.php?rest_route=\/wp\/v2\/users\/7"}],"replies":[{"embeddable":true,"href":"https:\/\/arcodisc.com.mx\/index.php?rest_route=%2Fwp%2Fv2%2Fcomments&post=552"}],"version-history":[{"count":2,"href":"https:\/\/arcodisc.com.mx\/index.php?rest_route=\/wp\/v2\/posts\/552\/revisions"}],"predecessor-version":[{"id":563,"href":"https:\/\/arcodisc.com.mx\/index.php?rest_route=\/wp\/v2\/posts\/552\/revisions\/563"}],"wp:attachment":[{"href":"https:\/\/arcodisc.com.mx\/index.php?rest_route=%2Fwp%2Fv2%2Fmedia&parent=552"}],"wp:term":[{"taxonomy":"category","embeddable":true,"href":"https:\/\/arcodisc.com.mx\/index.php?rest_route=%2Fwp%2Fv2%2Fcategories&post=552"},{"taxonomy":"post_tag","embeddable":true,"href":"https:\/\/arcodisc.com.mx\/index.php?rest_route=%2Fwp%2Fv2%2Ftags&post=552"}],"curies":[{"name":"wp","href":"https:\/\/api.w.org\/{rel}","templated":true}]}}